{"id":320,"date":"2016-08-03T21:34:00","date_gmt":"2016-08-03T21:34:00","guid":{"rendered":"https:\/\/www.vertebres.es\/cs\/?p=320"},"modified":"2022-05-15T10:05:46","modified_gmt":"2022-05-15T10:05:46","slug":"viernes-5-de-agosto","status":"publish","type":"post","link":"https:\/\/www.vertebres.es\/cs\/viernes-5-de-agosto\/","title":{"rendered":"viernes 5 de Agosto"},"content":{"rendered":"\n<p>El pr\u00f3ximo viernes 5 de Agosto el centro de Fisioterapia V\u00e8rtebres permanecer\u00e1 cerrado. No en cambio el Servicio de Fisioterapia de la Universitat Jaume I que s\u00ed lo mantendremos abierto.<\/p>\n\n\n\n<p>Disculpen las molestias.<\/p>\n","protected":false},"excerpt":{"rendered":"<p>El pr\u00f3ximo viernes 5 de Agosto el centro de Fisioterapia V\u00e8rtebres permanecer\u00e1 cerrado. No en cambio el Servicio de Fisioterapia de la Universitat Jaume I que s\u00ed lo&#46;&#46;&#46;<\/p>\n","protected":false},"author":1,"featured_media":131,"comment_status":"open","ping_status":"open","sticky":false,"template":"","format":"standard","meta":{"footnotes":""},"categories":[1],"tags":[],"class_list":["post-320","post","type-post","status-publish","format-standard","has-post-thumbnail","hentry","category-sin-categoria"],"_links":{"self":[{"href":"https:\/\/www.vertebres.es\/cs\/wp-json\/wp\/v2\/posts\/320","targetHints":{"allow":["GET"]}}],"collection":[{"href":"https:\/\/www.vertebres.es\/cs\/wp-json\/wp\/v2\/posts"}],"about":[{"href":"https:\/\/www.vertebres.es\/cs\/wp-json\/wp\/v2\/types\/post"}],"author":[{"embeddable":true,"href":"https:\/\/www.vertebres.es\/cs\/wp-json\/wp\/v2\/users\/1"}],"replies":[{"embeddable":true,"href":"https:\/\/www.vertebres.es\/cs\/wp-json\/wp\/v2\/comments?post=320"}],"version-history":[{"count":1,"href":"https:\/\/www.vertebres.es\/cs\/wp-json\/wp\/v2\/posts\/320\/revisions"}],"predecessor-version":[{"id":321,"href":"https:\/\/www.vertebres.es\/cs\/wp-json\/wp\/v2\/posts\/320\/revisions\/321"}],"wp:featuredmedia":[{"embeddable":true,"href":"https:\/\/www.vertebres.es\/cs\/wp-json\/wp\/v2\/media\/131"}],"wp:attachment":[{"href":"https:\/\/www.vertebres.es\/cs\/wp-json\/wp\/v2\/media?parent=320"}],"wp:term":[{"taxonomy":"category","embeddable":true,"href":"https:\/\/www.vertebres.es\/cs\/wp-json\/wp\/v2\/categories?post=320"},{"taxonomy":"post_tag","embeddable":true,"href":"https:\/\/www.vertebres.es\/cs\/wp-json\/wp\/v2\/tags?post=320"}],"curies":[{"name":"wp","href":"https:\/\/api.w.org\/{rel}","templated":true}]}}